{"id":199054,"date":"2024-09-16T09:00:06","date_gmt":"2024-09-16T07:00:06","guid":{"rendered":"https:\/\/maisonpinata.com\/exciting-events-in-barcelona-2025-explore-conferences-and-beyond\/"},"modified":"2026-01-26T12:34:21","modified_gmt":"2026-01-26T10:34:21","slug":"eventos-apasionantes-en-barcelona-2025-explora-congresos-y-mas","status":"publish","type":"post","link":"https:\/\/maisonpinata.com\/es\/eventos-apasionantes-en-barcelona-2025-explora-congresos-y-mas\/","title":{"rendered":"Eventos emocionantes en Barcelona (2026): Congresos y m\u00e1s"},"content":{"rendered":"<p>Barcelona est\u00e1 repleta de <strong data-start=\"1096\" data-end=\"1119\">eventos en Barcelona<\/strong> Todo el a\u00f1o, pero 2026 es especialmente atractivo para la tecnolog\u00eda, el dise\u00f1o, la m\u00fasica, el deporte y los grandes festivales urbanos. Esta gu\u00eda se actualiza para 2026 con las fechas principales que te conviene planificar, adem\u00e1s de consejos pr\u00e1cticos sobre d\u00f3nde alojarte para que la ciudad te resulte c\u00f3moda entre locales, cenas y visitas tur\u00edsticas.<\/p>\n<h2 data-start=\"1412\" data-end=\"1454\">Eventos en Barcelona en 2026 de un vistazo<\/h2>\n<p data-start=\"1455\" data-end=\"1538\">Si est\u00e1s planificando tu calendario, estas son las semanas que primero se reservan:<\/p>\n<ul>\n<li data-start=\"1542\" data-end=\"1681\"><strong data-start=\"1542\" data-end=\"1561\">Principios de febrero:<\/strong> <a href=\"https:\/\/www.iseurope.org\/\" target=\"_blank\" rel=\"noopener\">Sistemas Integrados Europa<\/a> (ISE) + El calendario cultural invernal de la ciudad se calienta.<\/li>\n<li data-start=\"1684\" data-end=\"1808\"><strong data-start=\"1684\" data-end=\"1700\">Principios de marzo:<\/strong> <a href=\"https:\/\/www.mwcbarcelona.com\/\" target=\"_blank\" rel=\"noopener\">Congreso Mundial de M\u00f3viles<\/a> Semana del (MWC) (adem\u00e1s de muchos eventos tecnol\u00f3gicos satelitales).<\/li>\n<li data-start=\"1811\" data-end=\"1893\"><strong data-start=\"1811\" data-end=\"1825\">Mediados de marzo:<\/strong> <a href=\"https:\/\/www.zurichmaratobarcelona.es\/en\/\" target=\"_blank\" rel=\"noopener\">Fin de semana del Marat\u00f3n de Barcelona.<\/a><\/li>\n<li data-start=\"1896\" data-end=\"1987\"><strong data-start=\"1896\" data-end=\"1910\">Mediados de abril:<\/strong> <a href=\"https:\/\/www.offf-tickets.com\/\" target=\"_blank\" rel=\"noopener\">OFFF<\/a> (festival de dise\u00f1o+creatividad).<\/li>\n<li data-start=\"1990\" data-end=\"2083\"><strong data-start=\"1990\" data-end=\"2005\">Principios de junio:<\/strong> <a href=\"https:\/\/www.primaverasound.com\/en\/tickets\" target=\"_blank\" rel=\"noopener\">Primavera Sound<\/a> (d\u00edas festivos principales).<\/li>\n<li data-start=\"2086\" data-end=\"2189\"><strong data-start=\"2086\" data-end=\"2104\">Mediados\/finales de junio:<\/strong> <a href=\"https:\/\/sonar.es\/\" target=\"_blank\" rel=\"noopener\">Sonar<\/a> (m\u00fasica, innovaci\u00f3n y cultura digital).<\/li>\n<li data-start=\"2192\" data-end=\"2320\"><strong data-start=\"2192\" data-end=\"2211\">Finales de septiembre: <\/strong><a href=\"https:\/\/www.meet.barcelona\/en\/main-events\" target=\"_blank\" rel=\"noopener\">La Merc\u00e8<\/a> (La fiesta mayor anual de la ciudad de Barcelona, alrededor del 24 de septiembre).<\/li>\n<li data-start=\"2323\" data-end=\"2412\"><strong data-start=\"2323\" data-end=\"2342\">Principios de noviembre:<\/strong> <a href=\"https:\/\/www.smartcityexpo.com\/\" target=\"_blank\" rel=\"noopener\">Congreso Mundial Smart City Expo<\/a>.<\/li>\n<\/ul>\n<p data-start=\"2414\" data-end=\"2588\"><strong data-start=\"2414\" data-end=\"2438\">Verificaci\u00f3n de la realidad local:<\/strong> Si su viaje se superpone <strong data-start=\"2461\" data-end=\"2499\">ISE\/MWC\/Primavera\/S\u00f3nar\/Ciudad Inteligente<\/strong>Reserva vuelos y alojamiento con antelaci\u00f3n a lo habitual: Barcelona se llena r\u00e1pidamente.<\/p>\n<p data-start=\"2414\" data-end=\"2588\"><img fetchpriority=\"high\" decoding=\"async\" class=\"alignnone size-medium\" src=\"https:\/\/upload.wikimedia.org\/wikipedia\/commons\/d\/d4\/MWC_2019_%2846296915385%29.jpg\" alt=\"Eventos en Barcelona: Entrada al Mobile World Congress\" width=\"4032\" height=\"3024\" title=\"\"><\/p>\n<h2 data-start=\"2595\" data-end=\"2657\">Los mejores congresos y eventos profesionales en Barcelona (2026)<\/h2>\n<h3 data-start=\"2659\" data-end=\"2730\">Integrated Systems Europe (ISE) \u2014 3\u20136 de febrero de 2026 (Fira Gran V\u00eda)<\/h3>\n<p data-start=\"2731\" data-end=\"3126\"><a href=\"https:\/\/www.iseurope.org\/\" target=\"_blank\" rel=\"noopener\">ISE<\/a> Convierte Barcelona en el punto de encuentro global para la integraci\u00f3n audiovisual y de sistemas. Prep\u00e1rese para grandes exposiciones, lanzamientos de productos y networking fuera del horario laboral. <br data-start=\"2921\" data-end=\"2924\" \/><strong data-start=\"2924\" data-end=\"2936\">Consejo profesional:<\/strong> Al\u00f3jese en alg\u00fan lugar donde las noches sean agradables (buenos restaurantes y f\u00e1cil acceso en taxi o metro para regresar). <strong data-start=\"3026\" data-end=\"3074\"><a href=\"https:\/\/maisonpinata.com\/es\/listing\/el-apto-centrado-en-barcelona\/\">Ensanche<\/a> es la \u201cbase\u201d m\u00e1s f\u00e1cil para esta semana<\/strong>.<\/p>\n<h3 data-start=\"3128\" data-end=\"3192\">Congreso Mundial de M\u00f3viles (MWC) \u2014 2\u20135 de marzo de 2026 (Fira Gran V\u00eda)<\/h3>\n<p data-start=\"3193\" data-end=\"3555\"><a href=\"https:\/\/www.mwcbarcelona.com\/\" target=\"_blank\" rel=\"noopener\">MWC<\/a> es el evento insignia de conectividad y tecnolog\u00eda en Barcelona: grandes conferencias, activaciones de marca y un calendario repleto de eventos paralelos en toda la ciudad. <br data-start=\"3374\" data-end=\"3377\" \/><strong data-start=\"3377\" data-end=\"3389\">Consejo profesional:<\/strong> Si vas a asistir a varias reuniones nocturnas, <a href=\"https:\/\/maisonpinata.com\/es\/listing\/espectacular-apartamento-con-vista-360-sobre-barcelona-2\/\"><strong data-start=\"3435\" data-end=\"3460\">elige una base central<\/strong><\/a> para que no tengas que viajar despu\u00e9s de cenar.<\/p>\n<h3 data-start=\"3557\" data-end=\"3601\">Talent Arena (semana del MWC): del 2 al 4 de marzo de 2026<\/h3>\n<p data-start=\"3602\" data-end=\"3916\">Si te interesan m\u00e1s los talleres, el aprendizaje y la comunidad (en lugar de las salas de exposiciones puramente), <a href=\"https:\/\/elpais.com\/espana\/catalunya\/2025-11-11\/el-talent-arena-2026-busca-ampliar-la-presencia-femenina-en-el-ecosistema-digital.html\" target=\"_blank\" rel=\"noopener\">Arena de talentos<\/a> Est\u00e1 dise\u00f1ado para desarrollar habilidades y conocer personas en todo el ecosistema digital. <br data-start=\"3817\" data-end=\"3820\" \/><strong data-start=\"3820\" data-end=\"3832\">Consejo profesional:<\/strong> Planifique una ma\u00f1ana \u201csin reuniones\u201d para explorar Barcelona: las semanas del MWC se vuelven intensas.<\/p>\n<h3 data-start=\"3918\" data-end=\"3959\">OFFF \u2014 16-18 de abril de 2026 (Disseny Hub)<\/h3>\n<p data-start=\"3960\" data-end=\"4459\"><a href=\"https:\/\/www.offf-tickets.com\/\" target=\"_blank\" rel=\"noopener\">OFFF<\/a> es un im\u00e1n para el dise\u00f1o, la cultura digital, la creatividad y el pensamiento de marca\/visual: ideal si quieres una conferencia que sea inspiradora (no corporativa). <br data-start=\"4151\" data-end=\"4154\" \/><strong data-start=\"4154\" data-end=\"4166\">Consejo profesional:<\/strong> Combine los d\u00edas OFFF con un breve paseo arquitect\u00f3nico <a href=\"https:\/\/maisonpinata.com\/es\/listing\/espectacular-apartamento-tetuan-2\/\">cerca de un apartamento adecuado<\/a>\u2014Barcelona es la <strong data-start=\"4226\" data-end=\"4259\">Capital Mundial de la Arquitectura<\/strong> en 2026, por lo que habr\u00e1 exposiciones adicionales y una programaci\u00f3n de estilo puertas abiertas.<\/p>\n<h3 data-start=\"4461\" data-end=\"4527\">Smart City Expo World Congress \u2014 3\u20135 de noviembre de 2026 (Barcelona)<\/h3>\n<p data-start=\"4528\" data-end=\"4883\">El <a href=\"https:\/\/www.smartcityexpo.com\/\" target=\"_blank\" rel=\"noopener\">evento l\u00edder mundial<\/a> sobre innovaci\u00f3n urbana: fuerte en pol\u00edticas, movilidad, sostenibilidad e implementaciones tecnol\u00f3gicas en el mundo real. <br data-start=\"4690\" data-end=\"4693\" \/><strong data-start=\"4693\" data-end=\"4705\">Consejo profesional:<\/strong> Esta es otra semana en la que un <a href=\"https:\/\/maisonpinata.com\/es\/listing\/el-apto-centrado-en-barcelona\/\"><strong data-start=\"4735\" data-end=\"4751\">base central<\/strong><\/a> Mantiene su horario flexible (descansos, siestas, cambios r\u00e1pidos de ropa, planes de cena).<\/p>\n<h2 data-start=\"4890\" data-end=\"4955\">Festivales y eventos culturales en Barcelona que merece la pena planificar (2026)<\/h2>\n<h3 data-start=\"4957\" data-end=\"5009\">Primavera Sound \u2014 4-6 de junio de 2026 (Parc del F\u00f2rum)<\/h3>\n<p data-start=\"5010\" data-end=\"5317\">Un gran festival internacional y uno de los de mayor demanda de estancias del a\u00f1o. <br data-start=\"5140\" data-end=\"5143\" \/><strong data-start=\"5143\" data-end=\"5155\">Consejo profesional:<\/strong> Si vas m\u00e1s de un d\u00eda, t\u00f3mate tu tiempo: las noches de verano en Barcelona se hacen largas. Elige una base. <a href=\"https:\/\/maisonpinata.com\/es\/listing\/espectacular-apartamento-tetuan-2\/\">donde puedes recuperarte bien<\/a>.<\/p>\n<h3 data-start=\"5319\" data-end=\"5346\">S\u00f3nar \u2014 18\u201320 de junio de 2026<\/h3>\n<p data-start=\"5347\" data-end=\"5560\">M\u00fasica electr\u00f3nica + innovaci\u00f3n + cultura digital, con un p\u00fablico global. <br data-start=\"5456\" data-end=\"5459\" \/><strong data-start=\"5459\" data-end=\"5471\">Consejo profesional:<\/strong> Planifica un d\u00eda apropiado de \u201cplaya + siesta + cena\u201d: disfrutar\u00e1s m\u00e1s del festival.<\/p>\n<p data-start=\"5347\" data-end=\"5560\"><img decoding=\"async\" class=\"alignnone size-medium\" src=\"https:\/\/upload.wikimedia.org\/wikipedia\/commons\/4\/47\/024_SonarVillagebyEstrellaDamm_PublicoAmbiente_MartiniAriel_20220617.jpg\" alt=\"Eventos en Barcelona: S\u00f3nar\" width=\"4000\" height=\"2667\" title=\"\"><\/p>\n<h3 data-start=\"5562\" data-end=\"5600\">Marat\u00f3n de Barcelona \u2014 15 de marzo de 2026<\/h3>\n<p data-start=\"5601\" data-end=\"5858\">Un fin de semana lleno de energ\u00eda y aglomeraci\u00f3n en los alrededores de Pla\u00e7a Catalunya \/ Passeig de Gr\u00e0cia y a lo largo de la ruta. <br data-start=\"5738\" data-end=\"5741\" \/><strong data-start=\"5741\" data-end=\"5753\">Consejo profesional:<\/strong> Si est\u00e1s corriendo, <a href=\"https:\/\/maisonpinata.com\/es\/listing\/espectacular-apartamento-con-vista-360-sobre-barcelona-2\/\" target=\"_blank\" rel=\"noopener\">permanecer central<\/a> Reduce el estr\u00e9s matutino.<\/p>\n<h3 data-start=\"5860\" data-end=\"5912\">Sant Jordi \u2014 23 de abril (libros y rosas por todas partes)<\/h3>\n<p data-start=\"5913\" data-end=\"6159\">La tradici\u00f3n primaveral m\u00e1s querida de Barcelona: las calles se llenan de puestos de libros y rosas. <br data-start=\"6032\" data-end=\"6035\" \/><strong data-start=\"6035\" data-end=\"6047\">Consejo profesional:<\/strong> Camina lentamente<a href=\"https:\/\/maisonpinata.com\/es\/listing\/el-apto-centrado-en-barcelona\/\">Eixample y el centro<\/a> Est\u00e1n en su mejor momento este d\u00eda.<\/p>\n<h3 data-start=\"6161\" data-end=\"6207\">La Merc\u00e8 \u2013 finales de septiembre (alrededor del 24 de septiembre)<\/h3>\n<p data-start=\"6208\" data-end=\"6429\">El principal festival anual de Barcelona: conciertos, castellers, desfiles, espect\u00e1culos de fuego, en toda la ciudad. <br data-start=\"6333\" data-end=\"6336\" \/><strong data-start=\"6336\" data-end=\"6348\">Consejo profesional:<\/strong> No planifiques demasiado: elige uno o dos eventos \u201cprincipales\u201d y deja que la ciudad te sorprenda.<\/p>\n<h2 data-start=\"6436\" data-end=\"6484\">D\u00f3nde alojarse para hacerlo f\u00e1cilmente (por zona del recinto)<\/h2>\n<p data-start=\"6485\" data-end=\"6581\">Barcelona es compacta, pero tu base afecta a c\u00f3mo ser\u00e1 el viaje <em data-start=\"6542\" data-end=\"6549\">siente<\/em>\u2014especialmente en las semanas de conferencias.<\/p>\n<h3 data-start=\"6583\" data-end=\"6645\">Si quieres la base del \u201cmodo f\u00e1cil\u201d para la mayor\u00eda de eventos: Eixample<\/h3>\n<p data-start=\"6646\" data-end=\"6813\"><a href=\"https:\/\/maisonpinata.com\/es\/listing\/el-apto-centrado-en-barcelona\/\">Central<\/a>, transitable a pie y con f\u00e1cil acceso a taxis y metro en todas las direcciones (e ideal cuando tu horario cambia de \u00faltimo momento).<\/p>\n<h3 data-start=\"6815\" data-end=\"6910\">Si tus planes son principalmente Gr\u00e0cia (vida local + plazas m\u00e1s peque\u00f1as + ambiente de festival callejero de verano)<\/h3>\n<p data-start=\"6911\" data-end=\"7095\">Gr\u00e0cia es perfecta para un ambiente m\u00e1s de barrio, y es genial en agosto durante la Fiesta Mayor de <a href=\"https:\/\/maisonpinata.com\/es\/listing\/espectacular-apartamento-gracia-2\/\">Gracia<\/a>.<\/p>\n<h3 data-start=\"7097\" data-end=\"7177\">Si est\u00e1s mezclando d\u00edas culturales en Montju\u00efc (museos, miradores, eventos nocturnos)<\/h3>\n<p data-start=\"7178\" data-end=\"7269\">Los itinerarios con mucho Montju\u00efc son m\u00e1s fluidos cuando est\u00e1s <a href=\"https:\/\/maisonpinata.com\/es\/listing\/apartamento-cerca-de-montjuic-barcelona\/\">ya cerca<\/a>.<\/p>\n<h3 data-start=\"7271\" data-end=\"7322\">Si vienes por planes Camp Nou \/ Les Corts<\/h3>\n<p data-start=\"7323\" data-end=\"7456\">Para partidos, visitas al estadio o<a href=\"https:\/\/maisonpinata.com\/es\/listing\/espectacular-apartamento-camp-nou\/\"> cualquier cosa alrededor de Les Corts<\/a>Mantenerse cerca ahorra tiempo y molestias.<\/p>\n<h2 data-start=\"7463\" data-end=\"7513\">C\u00f3mo moverse durante las semanas con grandes eventos en Barcelona<\/h2>\n<ul>\n<li data-start=\"7516\" data-end=\"7658\"><strong data-start=\"7516\" data-end=\"7532\">Metro + autob\u00fas:<\/strong> Para muchos visitantes, una <strong data-start=\"7554\" data-end=\"7577\">T-casual de 10 viajes<\/strong> Es una opci\u00f3n sencilla para moverse.<\/li>\n<li data-start=\"7661\" data-end=\"7823\"><strong data-start=\"7661\" data-end=\"7682\">Viajes ilimitados:<\/strong> Si va a mudarse constantemente durante 2 a 5 d\u00edas, el <strong data-start=\"7732\" data-end=\"7762\">Tarjeta de viaje Hola Barcelona<\/strong> Puede ser conveniente.<\/li>\n<li data-start=\"7826\" data-end=\"7936\"><strong data-start=\"7826\" data-end=\"7836\">Taxis:<\/strong> Ideal para noches largas y para pasar r\u00e1pidamente de una cena a otra o a reuniones (especialmente durante las semanas del MWC\/ISE).<\/li>\n<\/ul>\n<h2 data-start=\"7943\" data-end=\"8016\">Enlaces oficiales<\/h2>\n<ul>\n<li data-start=\"8019\" data-end=\"8090\"><a href=\"https:\/\/www.mwcbarcelona.com\/about\" target=\"_blank\" rel=\"noopener\">MWC Barcelona (fechas + sede)<\/a><\/li>\n<li data-start=\"8093\" data-end=\"8154\"><a href=\"https:\/\/www.iseurope.org\/\" target=\"_blank\" rel=\"noopener\">ISE (fechas + lugar)<\/a><\/li>\n<li data-start=\"8157\" data-end=\"8242\"><a href=\"https:\/\/www.smartcityexpo.com\" target=\"_blank\" rel=\"noopener\">Smart City Expo World Congress (fechas de 2026)<\/a><\/li>\n<li data-start=\"8245\" data-end=\"8304\"><a href=\"https:\/\/www.offf-tickets.com\/\" target=\"_blank\" rel=\"noopener\">OFFF (fechas de 2026)<\/a><\/li>\n<li data-start=\"8307\" data-end=\"8377\"><a href=\"https:\/\/www.primaverasound.com\/en\/tickets\" target=\"_blank\" rel=\"noopener\">Primavera Sound (fechas 2026)<\/a><\/li>\n<li data-start=\"8380\" data-end=\"8440\"><a href=\"https:\/\/sonar.es\/\" target=\"_blank\" rel=\"noopener\">S\u00f3nar (fechas 2026)<\/a><\/li>\n<li data-start=\"8443\" data-end=\"8530\"><a href=\"https:\/\/www.meet.barcelona\/en\/main-events\" target=\"_blank\" rel=\"noopener\">Calendario de eventos principales (Ayuntamiento de Barcelona)<\/a><\/li>\n<\/ul>\n<p>Tanto si vienes a Barcelona para una conferencia emblem\u00e1tica como si planeas un viaje en torno a festivales, la base ideal lo facilita todo, especialmente cuando la ciudad est\u00e1 ajetreada. Si buscas una estancia que se sienta local, c\u00f3moda y bien conectada, <a href=\"https:\/\/maisonpinata.com\/es\/resultados-de-busqueda\/\">Apartamentos Maison Pi\u00f1ata<\/a> Est\u00e1n dise\u00f1ados para hacer que Barcelona sea sencilla (check-in, comodidad y ubicaci\u00f3n, sin la sensaci\u00f3n de hotel).<\/p>","protected":false},"excerpt":{"rendered":"<p>Barcelona est\u00e1 repleta de eventos todo el a\u00f1o, pero 2026 es especialmente interesante en cuanto a tecnolog\u00eda, dise\u00f1o, m\u00fasica, deportes y grandes festivales urbanos. Esta gu\u00eda se actualiza para 2026 con las fechas clave que te conviene planificar, adem\u00e1s de consejos pr\u00e1cticos sobre d\u00f3nde alojarte para que la ciudad te resulte c\u00f3moda entre locales, cenas y visitas tur\u00edsticas. [\u2026]<\/p>","protected":false},"author":25,"featured_media":199053,"comment_status":"open","ping_status":"closed","sticky":false,"template":"","format":"standard","meta":{"_acf_changed":false,"footnotes":""},"categories":[365],"tags":[],"class_list":["post-199054","post","type-post","status-publish","format-standard","has-post-thumbnail","hentry","category-events-and-festivals"],"acf":[],"_links":{"self":[{"href":"https:\/\/maisonpinata.com\/es\/wp-json\/wp\/v2\/posts\/199054","targetHints":{"allow":["GET"]}}],"collection":[{"href":"https:\/\/maisonpinata.com\/es\/wp-json\/wp\/v2\/posts"}],"about":[{"href":"https:\/\/maisonpinata.com\/es\/wp-json\/wp\/v2\/types\/post"}],"author":[{"embeddable":true,"href":"https:\/\/maisonpinata.com\/es\/wp-json\/wp\/v2\/users\/25"}],"replies":[{"embeddable":true,"href":"https:\/\/maisonpinata.com\/es\/wp-json\/wp\/v2\/comments?post=199054"}],"version-history":[{"count":4,"href":"https:\/\/maisonpinata.com\/es\/wp-json\/wp\/v2\/posts\/199054\/revisions"}],"predecessor-version":[{"id":200036,"href":"https:\/\/maisonpinata.com\/es\/wp-json\/wp\/v2\/posts\/199054\/revisions\/200036"}],"wp:featuredmedia":[{"embeddable":true,"href":"https:\/\/maisonpinata.com\/es\/wp-json\/wp\/v2\/media\/199053"}],"wp:attachment":[{"href":"https:\/\/maisonpinata.com\/es\/wp-json\/wp\/v2\/media?parent=199054"}],"wp:term":[{"taxonomy":"category","embeddable":true,"href":"https:\/\/maisonpinata.com\/es\/wp-json\/wp\/v2\/categories?post=199054"},{"taxonomy":"post_tag","embeddable":true,"href":"https:\/\/maisonpinata.com\/es\/wp-json\/wp\/v2\/tags?post=199054"}],"curies":[{"name":"wp","href":"https:\/\/api.w.org\/{rel}","templated":true}]}}